{"id":369,"date":"2023-11-20T03:05:20","date_gmt":"2023-11-20T02:05:20","guid":{"rendered":"https:\/\/beowulf-shop.de\/blog\/?p=369"},"modified":"2025-12-03T14:37:04","modified_gmt":"2025-12-03T13:37:04","slug":"vaentljusstaken-und-ritualtexte","status":"publish","type":"post","link":"https:\/\/beowulf-shop.de\/blog\/2023\/11\/20\/vaentljusstaken-und-ritualtexte\/","title":{"rendered":"Licht ins Dunkel &#8211; V\u00e4ntljusstaken, \u00dcbersetzung &amp; ein Zwerg"},"content":{"rendered":"\n<p>Hier folgt ein viel zu lang gewordener Beitrag zur <strong>&#8222;neuen Tradition&#8220; der Wartelichter \/ V\u00e4ntljusstaken im germanischen Heidentum (Asatru)<\/strong>, in den sechs Wochen vor der Wintersonnenwende jeweils eine Kerze aus einer Gruppe von 6 meist runenverzierten Kerzen anzuz\u00fcnden. Dazu gibt es <strong>Informationen zu den einzelnen Kerzenterminen <\/strong>und ihrer jeweiligen <strong>Texte<\/strong>. <br>Diese Texte werfen bei mir pers\u00f6nlich Fragen auf: <strong>Was kann bei \u00dcbersetzungen schiefgehen? Haben Ritualtexte Macht? Hat sich in diesen Ritualtexten heimlich Dvergartru (Zwergenverehrung \/ Glaube an Zwergenkult)  eingeschlichen? \ud83d\ude09<\/strong> <br><\/p>\n\n\n\n<!--more-->\n\n\n\n<p><br><\/p>\n\n\n\n<h2 class=\"wp-block-heading\">Der Brauch der V\u00e4ntljusstaken<\/h2>\n\n\n\n<p>Kurz zur Erkl\u00e4rung f\u00fcr die Leute, die noch nie von den V\u00e4ntljusstaken geh\u00f6rt haben: 2008 entstand bei einem schwedischen Heidenpaar der Wunsch, in der dunklen <strong>Zeit vor der Wintersonnenwende<\/strong> etwas \u00c4hnliches wie einen Adventskranz zu haben. Sie schufen die Idee von sechs <strong>runenverzierten Kerzen in einem Leuchter<\/strong>. Diese werden an den sechs Donnerstagen vor dem 21. Dezember nach und nach entz\u00fcndet, so dass zum Zeitpunkt der Wintersonnenwende schlie\u00dflich alle brennen und damit die wieder l\u00e4nger werdenden Tage begr\u00fc\u00dfen. Beim Entz\u00fcnden der Kerzen kann jeweils ein Vers gelesen werden. Im Folgenden geht es jetzt um diesen <strong>Ritualtext <\/strong>und die \u00dcbersetzung. <br><strong><a href=\"#stakeninfo\">Mehr zu den V\u00e4ntljusstaken hier.<\/a><\/strong> <br><strong><a href=\"#wartelicht-termine\">Hier findest Du die Termine f\u00fcr 2025.<\/a><\/strong><\/p>\n\n\n\n<div class=\"wp-block-columns is-layout-flex wp-container-core-columns-is-layout-9d6595d7 wp-block-columns-is-layout-flex\">\n<div class=\"wp-block-column is-layout-flow wp-block-column-is-layout-flow\">\n<div class=\"wp-block-columns is-layout-flex wp-container-core-columns-is-layout-9d6595d7 wp-block-columns-is-layout-flex\">\n<div class=\"wp-block-column is-layout-flow wp-block-column-is-layout-flow\" style=\"flex-basis:100%\"><div class=\"wp-block-image\">\n<figure class=\"aligncenter size-large\"><img loading=\"lazy\" decoding=\"async\" width=\"1024\" height=\"1024\" src=\"https:\/\/beowulf-shop.de\/blog\/wp-content\/uploads\/2023\/11\/Futhark-Kerzen-7-2-1024x1024.jpg\" alt=\"Das Bild zeigt einen winterlich dekorierten Holzleuchter, in dem sechs runenverzierte Kerzen stecken.\" class=\"wp-image-408\" srcset=\"https:\/\/beowulf-shop.de\/blog\/wp-content\/uploads\/2023\/11\/Futhark-Kerzen-7-2-1024x1024.jpg 1024w, https:\/\/beowulf-shop.de\/blog\/wp-content\/uploads\/2023\/11\/Futhark-Kerzen-7-2-300x300.jpg 300w, https:\/\/beowulf-shop.de\/blog\/wp-content\/uploads\/2023\/11\/Futhark-Kerzen-7-2-150x150.jpg 150w, https:\/\/beowulf-shop.de\/blog\/wp-content\/uploads\/2023\/11\/Futhark-Kerzen-7-2-768x768.jpg 768w, https:\/\/beowulf-shop.de\/blog\/wp-content\/uploads\/2023\/11\/Futhark-Kerzen-7-2-170x170.jpg 170w, https:\/\/beowulf-shop.de\/blog\/wp-content\/uploads\/2023\/11\/Futhark-Kerzen-7-2.jpg 1440w\" sizes=\"auto, (max-width: 1024px) 100vw, 1024px\" \/><figcaption class=\"wp-element-caption\">Ein sechsarmiger Leuchter ist ideal f\u00fcr Wartelichter<\/figcaption><\/figure><\/div><\/div>\n<\/div>\n<\/div>\n\n\n\n<div class=\"wp-block-column is-layout-flow wp-block-column-is-layout-flow\">\n<div class=\"wp-block-columns is-layout-flex wp-container-core-columns-is-layout-9d6595d7 wp-block-columns-is-layout-flex\">\n<div class=\"wp-block-column is-layout-flow wp-block-column-is-layout-flow\" style=\"flex-basis:100%\"><div class=\"wp-block-image\">\n<figure class=\"aligncenter size-large\"><img loading=\"lazy\" decoding=\"async\" width=\"1024\" height=\"1024\" src=\"https:\/\/beowulf-shop.de\/blog\/wp-content\/uploads\/2023\/11\/Futhark-Kerzen-6-1024x1024.jpg\" alt=\"Hier sind 5 verschiedenen Kerzengruppen zu sehen, die jeweils aus sechs Kerzen bestehen, die mit Runen verziert sind. \" class=\"wp-image-401\" srcset=\"https:\/\/beowulf-shop.de\/blog\/wp-content\/uploads\/2023\/11\/Futhark-Kerzen-6-1024x1024.jpg 1024w, https:\/\/beowulf-shop.de\/blog\/wp-content\/uploads\/2023\/11\/Futhark-Kerzen-6-300x300.jpg 300w, https:\/\/beowulf-shop.de\/blog\/wp-content\/uploads\/2023\/11\/Futhark-Kerzen-6-150x150.jpg 150w, https:\/\/beowulf-shop.de\/blog\/wp-content\/uploads\/2023\/11\/Futhark-Kerzen-6-768x768.jpg 768w, https:\/\/beowulf-shop.de\/blog\/wp-content\/uploads\/2023\/11\/Futhark-Kerzen-6-170x170.jpg 170w, https:\/\/beowulf-shop.de\/blog\/wp-content\/uploads\/2023\/11\/Futhark-Kerzen-6.jpg 1440w\" sizes=\"auto, (max-width: 1024px) 100vw, 1024px\" \/><figcaption class=\"wp-element-caption\">Kerzensets aus &#8222;Schabernacks Untiefen&#8220;<\/figcaption><\/figure><\/div><\/div>\n<\/div>\n<\/div>\n<\/div>\n\n\n\n<div class=\"wp-block-columns is-layout-flex wp-container-core-columns-is-layout-9d6595d7 wp-block-columns-is-layout-flex\">\n<div class=\"wp-block-column is-layout-flow wp-block-column-is-layout-flow\" style=\"flex-basis:100%\">\n<p class=\"has-text-align-center\">Die Fotos zeigen Werke von Anni, die auf ihrer <a href=\"https:\/\/www.facebook.com\/vonAnni\" target=\"_blank\" rel=\"noreferrer noopener\">Facebook-Seite &#8222;Schabernacks Untiefen&#8220;<\/a> zu sehen sind und die wir dankenswerterweise nutzen d\u00fcrfen.<\/p>\n<\/div>\n<\/div>\n\n\n\n<h2 class=\"wp-block-heading\">Runenkerzen und Ritualtexte <\/h2>\n\n\n\n<h3 class=\"wp-block-heading\"><strong>Reim und Inhalt<\/strong><\/h3>\n\n\n\n<p>Um das Ganze nun richtig feierlich zu gestalten, schufen die beiden Schweden <strong>zu jeder Rune kleine Verse<\/strong>, die in reimender Form verfasst sind und beim Entz\u00fcnden der jeweiligen Kerze gesprochen werden k\u00f6nnen. Die Idee des V\u00e4ntljusstaken war als &#8222;Open Source&#8220; in die Welt gesetzt und durfte gern weiterentwickelt und angepasst werden &#8211; was auch geschah.<\/p>\n\n\n\n<p>Diese Verse wurden <strong>vielfach in andere Sprachen \u00fcbersetzt<\/strong>. Schlie\u00dflich werden sie in einem Ritual verwendet und da sollte eigentlich klar sein, um was es bei dieser kleinen &#8222;heiligen Handlung&#8220; geht, auch wenn allein schon Sprachklang einen Zauber haben kann. Bei den meisten \u00dcbersetzungen reimen sie sich nicht mehr. Damit verlieren sie oft ihre \u00e4u\u00dferliche Sch\u00f6nheit, den klanglichen Rhythmus. Stattdessen wird dadurch das Augenmerk vermehrt auf den Inhalt gelenkt. Bei der Verwendung von Runen kann erwartet werden, dass sich der Text auf die Bedeutung der Runen bezieht. Schlie\u00dflich soll das Ganze dann noch zur vorweihnachtlichen Julzeit passen. Das ist unterschiedlich erfolgreich gelungen, aber hier geht es nun speziell um den Vers zur Rune Ansuz, beim Entz\u00fcnden der vierten Kerze. Da taucht n\u00e4mlich ein Wort auf, dessen \u00dcbersetzung Fragen aufwirft.<\/p>\n\n\n\n<div class=\"wp-block-columns is-layout-flex wp-container-core-columns-is-layout-9d6595d7 wp-block-columns-is-layout-flex\">\n<div class=\"wp-block-column is-layout-flow wp-block-column-is-layout-flow\">\n<p class=\"has-text-align-center\"><strong>Schwedischer Originaltext<\/strong>:<br><em>&#8222;Vi t\u00e4nder det fj\u00e4rde ljuset i v\u00e4nt<br>och l\u00e5ter det i assrunans tecken brinna<br>I v\u00f6rdnad till guden som solen t\u00e4nt<br>m\u00e5 det om <strong>regins<\/strong> makt \u00e5minna&#8220;<\/em><\/p>\n<\/div>\n\n\n\n<div class=\"wp-block-column is-layout-flow wp-block-column-is-layout-flow\">\n<p class=\"has-text-align-center\"><strong>\u00dcbersetzung:<\/strong><br><em>Wir z\u00fcnden der Reihe nach die vierte Kerze an<br>und lassen sie im Zeichen der Ansuzrune brennen<br>In Ehrfurcht vor dem Gott, der die Sonne entz\u00fcndete<br>m\u00f6ge es an <em><strong>[ hier <\/strong><\/em>&#8222;<em><strong>regins&#8220; \u00fcbersetzen ]<\/strong><\/em><\/em> <em>Macht  erinnern<\/em><\/p>\n<\/div>\n<\/div>\n\n\n\n<h3 class=\"wp-block-heading\">altnordisches Fremdwort &#8222;regin&#8220;?<\/h3>\n\n\n\n<p>Im germanischen Heidentum werden ja gern W\u00f6rter verwendet, die aus dem Altnordischen stammen. F\u00fcr ein Opfer- \/ Gabenritual gibt es das kurze Wort &#8222;<strong>Bl\u00f3t<\/strong>&#8222;, von vielen leider &#8222;Blott&#8220; statt richtig &#8222;Bloht&#8220; ausgesprochen &#8211; vielleicht, damit es im Deutschen nicht so blutig klingt, wo entgegen von Vorurteilen doch ganz banal Met oder R\u00e4ucherwerk geopfert wurde. &#8222;<strong>Asatru<\/strong>&#8220; klingt etwas exotischer als &#8222;Asentreu&#8220;, wird aber auch meist sehr deutsch ausgesprochen und stammt vom kurz und knackigen Wort &#8222;<strong>Tr\u00fa<\/strong>&#8222;, das  bedeutet &#8222;Glauben (an)&#8220; bedeutet. <\/p>\n\n\n\n<p>Vielleicht hatte die Verfasserin des schwedischen Textes zu den V\u00e4ntljusstaken ganz einfach das altnordische Wort &#8222;<strong>regin<\/strong>&#8220; als Begriff f\u00fcr &#8222;die (Be-)Ratenden&#8220; und somit f\u00fcr &#8222;<strong>G\u00f6tter<\/strong>&#8220; genutzt? Laut dem &#8222;Lexikon der germanischen Mythologie&#8220; wird in alten Quellen der Begriff &#8222;regin&#8220; verwendet, wo die G\u00f6tter zum Rat zusammenkommen oder wenn die Runen als reginkunnar von den G\u00f6ttern Rat geben. Das w\u00e4re eine sinnvolle \u00dcbersetzung: <strong>M\u00f6ge es (das Licht der 4. Ansuz-Kerze) an den G\u00f6tterrat \/ die G\u00f6ttermacht \/ die G\u00f6tter erinnern. <\/strong><\/p>\n\n\n\n<p><br><\/p>\n\n\n\n<h3 class=\"wp-block-heading\">Alles ein Kopierfehler?<\/h3>\n\n\n\n<p>Aus der Forschung zur <strong>germanischen Bildkunst<\/strong> ist bekannt, dass bedeutende Kunst nicht einzigartig sein sollte, sondern dass <strong>Kopieanfertigungen und Nachahmungen<\/strong> g\u00e4ngig waren. So konnten beispielsweise Personen, die einen gleichen Fibeltyp trugen, sich Gruppen oder Gemeinschaften zuordnen. Bei den <a href=\"https:\/\/beowulf-shop.de\/de\/amulette-anhaenger\/brakteaten-muenzamulette\/\" target=\"_blank\" rel=\"noreferrer noopener\">Brakteaten<\/a> (m\u00fcnzartige Schmuckanh\u00e4nger mit bestimmter Formgebung) der V\u00f6lkerwanderzeit ist zu sehen, dass oft <strong>Kopierreihen <\/strong>angefertigt wurden: Nicht jedes neu angefetigte St\u00fcck war eine Kopie des Originals. Indem auch die Kopien kopiert wurden, mehrten sich allerdings <strong>Ungenauigkeiten und Fehler.<\/strong> Es gibt daher Abbildungen, die sich auf mehreren Brakteaten in gleicher, aber abgestufter Form finden lassen, die von &#8222;deutlich erkennbarem Tier in gewundener K\u00f6rperhaltung&#8220; bis hin zu &#8222;merkw\u00fcrdigem Knotenornament&#8220; reichen.  Auch Runen finden sich auf diesen Brakteaten &#8211; und das ist interessant f\u00fcr unser \u00dcbersetzungsproblem! <\/p>\n\n\n\n<p>Nicht viele nordeurop\u00e4ische Menschen in der V\u00f6lkerwanderungszeit konnten schreiben. Dennoch finden sich <strong>Runeninschriften <\/strong>aus dieser Zeit, beispielsweise auf den <a href=\"https:\/\/beowulf-shop.de\/de\/anhaenger-goldhorn-aus-gallehus.html\" target=\"_blank\" rel=\"noreferrer noopener\">Gallehus-H\u00f6rnern<\/a> und eben auf Brakteaten.  Einige dieser Runenschriften k\u00f6nnen heute sogar mehr oder weniger genau \u00fcbersetzt werden. Es wird vermutet, dass die Runen auf einigen Brakteaten jedoch von Menschen geritzt wurden, die deren Schriftbedeutung nicht kannten. Durch das unkundige Kopieren entstanden Schreibfehler bzw. unlesbare Runeninschriften, die dann sogar weiterkopiert wurden. (Das war wohlm\u00f6glich auch nicht so schlimm, denn allein die Kunst der Schreibens, die Verwendung der bedeutenden Zeichen war ja schon machtvolle Zauberei, verk\u00f6rpert auf den Amuletten.)<\/p>\n\n\n\n<p>Ist das wohlm\u00f6glich jetzt mit dem schwedischen Text passiert? Hat sich <strong>erst in einer \u00dcbersetzung<\/strong> die <strong>Gro\u00dfschreibung <\/strong>und damit die Wirkung des Wortes Regin als Name gefunden, und diese \u00dcbersetzung war dann Grundlage f\u00fcr weitere? Liegen deshalb mehrere Texte vor, die &#8222;an die Macht <strong>Regins<\/strong> erinnern&#8220;?<\/p>\n\n\n\n<p><br><\/p>\n\n\n\n<h2 class=\"wp-block-heading\">&#8222;Regin&#8220; als Name \u00fcbersetzt<\/h2>\n\n\n\n<p><br><\/p>\n\n\n\n<h3 class=\"wp-block-heading\"><strong>Aus &#8222;regin&#8220; wird &#8222;Regin&#8220;<\/strong><\/h3>\n\n\n\n<p>In den von mir gefundenen \u00dcbersetzungen wird &#8222;regin&#8220; nie mit &#8222;G\u00f6tter&#8220; gleichgesetzt. Die franz\u00f6sische und finnische \u00dcbersetzungen arbeiten mit den Begriffen &#8222;Regent&#8220;, &#8222;Herrschaft&#8220; oder &#8222;Lehrer&#8220;, also &#8222;<strong>M\u00f6ge es an die Macht der Regentschaft erinnern<\/strong>&#8220; und entsprechend. In sehr vielen \u00dcbersetzungen allerdings wird &#8222;regin&#8220; als <strong>Eigenname <\/strong>\u00fcbernommen, obwohl er dann im Schwedischen gro\u00df geschrieben worden w\u00e4re. Es hei\u00dft dann &#8222;<strong>m\u00f6ge es an <em>Regins Macht<\/em> erinnern<\/strong>&#8222;.  <\/p>\n\n\n\n<p><br><\/p>\n\n\n\n<h3 class=\"wp-block-heading\"><strong>Wer ist dieser Regin?<\/strong><\/h3>\n\n\n\n<p>Die Vielfalt das nordischen Gottheiten kann ja bei intensiver Besch\u00e4ftigung schnell mal un\u00fcbersichtlich werden, aber handelt es sich hier um <strong>eine Gottheit?<\/strong> Tats\u00e4chlich gibt es in der nordischen \u00dcberlieferung den Namen &#8222;Reginn&#8220;, oft Regin geschrieben und der als &#8222;der M\u00e4chtige&#8220; \u00fcbersetzt: Einer ist ein <strong>Zwerg <\/strong>und wird in der Auflistung von Zwergennamen in der <strong>V\u00f6luspa <\/strong>genannt, der andere ist der <strong>Ziehvater von Sigurd dem Drachent\u00f6ter<\/strong> aus der bluttriefenden <a href=\"https:\/\/beowulf-shop.de\/de\/sagas-aus-der-vorzeit-band-1.html\" target=\"_blank\" rel=\"noreferrer noopener\">Saga von den V\u00f6lsungen<\/a>. <\/p>\n\n\n\n<p>\u00dcber den Zwerg Regin aus der V\u00f6luspa ist nichts Individuelles \u00fcberliefert. <strong>Der Regin aus der Sigurdsaga schmiedete<\/strong> unter au\u00dfergew\u00f6hnlichen Umst\u00e4nden das ber\u00fchmte Schwert Gramr, wodurch er wahrscheinlich ebenfalls irgendwie ein Zwerg ist &#8211; oder es ist sogar m\u00f6glich, dass der Zwerg aus der V\u00f6luspa und der schmiedende Ziehvater Sigurds identisch sind. Schauen wir mal, was wir \u00fcber Zwerge und Ziehvater Regin aus den historischen Quellen erfahren:<\/p>\n\n\n\n<p><br><\/p>\n\n\n\n<h2 class=\"wp-block-heading\">Regin und (andere) Zwerge in der nordischen Mythologie<\/h2>\n\n\n\n<h3 class=\"wp-block-heading\"><strong>Schmiedende Zwerge<\/strong><\/h3>\n\n\n\n<p>Zwerge sind allgemein f\u00fcr ihre <strong>Schmiedekunst <\/strong>ber\u00fchmt, sie schufen viele der g\u00f6ttlichen Werkzeuge wie Thors Hammer &#8222;<strong>Mj\u00f6llnir<\/strong>&#8222;, Freyas Halsschmuck &#8222;<strong>Brisingamen<\/strong>&#8220; oder Odins Speer &#8222;<strong>Gungnir<\/strong>&#8222;. Manchmal werden sie auch mit Bezeichnungen versehen, die als &#8222;<strong>Schwarzalben<\/strong>&#8220; oder &#8222;<strong>Dunkelalben<\/strong>&#8220; zu \u00fcbersetzten sind, wohingegen es auch &#8222;<strong>Lichtalben<\/strong>&#8220; gibt, die Alben oder Alfen. Letztere werden in den alten Berichten oft in einem Zug mit den Asen(-G\u00f6ttern) genannt und sind mythologische, aber nicht genau zu definierende Wesen, die f\u00fcr Fruchtbarkeit und Familie wichtig sind. <\/p>\n\n\n\n<p><br><\/p>\n\n\n\n<h3 class=\"wp-block-heading\"><strong>Zwerge, Wichtel, Alben im Volksglauben<\/strong><\/h3>\n\n\n\n<p>Die Feier des <strong>Alvablot<\/strong>, dem Opferfest im Sp\u00e4therbst zu Ehren der Alben, ist f\u00fcr Schweden aus historischen Quellen belegt und geh\u00f6rt f\u00fcr viele heute zum Neuheidentum. <strong>Zwergenkult <\/strong>ist historisch nicht nachweisbar. Die Menschen in Skandinavien stellen zwar heute noch dem Hausnissen eine Sch\u00fcssel Brei zu Weihnachten hin, was vermutlich auf vorchristliche Gebr\u00e4uche zur\u00fcckgeht, und die regionale Gruppe des Eldaring im Ruhrgebient, die sich wegen regionaler Bergbaut\u00e4tigkeit und Metallkunst &#8222;Schwarzalben&#8220; nennt, gestaltete zur <a href=\"https:\/\/kneipe-am-kreuzweg.de\/#\/\" target=\"_blank\" rel=\"noreferrer noopener\">Ostarafeier<\/a> 2022 ein kunstvolles Blot mit Zwergenbezug, aber sie werden <strong>nicht den Gottheiten \u00e4hnlich dargestellt und verehrt<\/strong>. <\/p>\n\n\n\n<p>(Infos zu Alfablot und Zwergennamen aus dem <a href=\"https:\/\/beowulf-shop.de\/de\/lexikon-der-germanischen-mythologie.html\" target=\"_blank\" rel=\"noreferrer noopener\">&#8222;Lexikon der germanischen Mythologie&#8220;<\/a>)<\/p>\n\n\n\n<p><br><\/p>\n\n\n\n<h3 class=\"wp-block-heading\"><strong>Charakter von Zwegen<\/strong><\/h3>\n\n\n\n<p>\u00dcber Reginn \/ Regin aus der Sigurdsaga hei\u00dft es, dass er ziemlich <strong>b\u00f6sartig <\/strong>sei und den Sagahelden Sigurd dazu bringt, Reginns drachenartigen Bruder Fafnir zu t\u00f6ten. Schlie\u00dflich t\u00f6tet Sigurd auch Reginn, um nicht selbst von ihm get\u00f6tet zu werden. Auch das passt wieder zur Zwergen\u00fcberlieferung, denn meist wissen wir nur ihre Namen, in deren \u00dcbersetzungen sich, neben wenigen Hinweisen auf <strong>Weisheit <\/strong>oder <strong>Tod<\/strong>, vielfach <strong>missg\u00fcstige, streiterische, furchtsame, diebische und betr\u00fcgerische<\/strong> Eigenschaften finden. Auch \u00dcber die beiden Zwerge Fjalar und Galar wird ausf\u00fchrlich berichtet: Sie brauen den <strong>Skaldenmet <\/strong>und begehen im Laufe der dazugeh\u00f6rigen Geschichte einige <strong>Morde<\/strong>. Ich als \u00fcber 180-cm-gro\u00dfe Frau m\u00f6chte keinesfalls Zwerge diskriminieren, zumal das Thema der k\u00f6rperlichen Gr\u00f6\u00dfe von Zwergen und Riesen in den Eddatexten eine besondere Betrachtung verdient. Festzuhalten ist: Zwerge scheinen anderen Wesen gegen\u00fcber meist <strong>nicht gerade wohlwollend<\/strong> zu sein. Auch mit den ihnen verwandten Wichteln und Kobolden (Hausnisse, Klabautermann, &#8230;) sollten Menschen es <strong>sich nicht verscherzen<\/strong>, wie alte Volksbr\u00e4uche \u00fcberliefern. <\/p>\n\n\n\n<p><br><\/p>\n\n\n\n<h2 class=\"wp-block-heading\">Ein Zwergenritual? Dvergartru?<\/h2>\n\n\n\n<p>Durch die \u00dcbersetzungen gedenken unz\u00e4hlige Menschen im 4. Ritual der V\u00e4ntljusstaken nun diesem boshaften und intriganten Zwergenwesen, die beide <strong>nichts mit winterlichen Feierlichkeiten <\/strong>zu tun haben. Damit hat sich meiner Ansicht nach ein Zwergenkult (&#8222;Dvergartru&#8220;) in die heidnische Ritualpraxis eingeschlichen. Das wird in den meisten F\u00e4llen wohl unbeabsichtigt passieren. Wenn wir jedoch <strong>Ritual und Kult ernst nehmen<\/strong>, sollten wir dar\u00fcber nachdenken, wessen Macht mit <strong>rituellen Handlungen<\/strong> gest\u00e4rkt wird und mit wem wir uns <strong>im Ritual verbinden<\/strong>: Wir geben diesen Gottheiten, Ahnen oder Wesenheiten Teile unserer Lebenszeit. Wenn wir Namen nennen, erinnern wir, halten so jemanden lebendig, machen unsterblich, verbreiten eventuell Ruhm und Geschichte der genannten Person, Gottheit oder Wesenheit.<\/p>\n\n\n\n<p><br><\/p>\n\n\n\n<h2 class=\"wp-block-heading\">Fragen an Menschen mit V\u00e4ntljusstaken<\/h2>\n\n\n\n<p>Vielleicht wird dieser Text auch von Leuten gelesen, die ein V\u00e4ntljusstaken gerade nutzen. Wie seht Ihr das? Z\u00fcndet Ihr nur die Kerzen an? Lest Ihr einen Text, vielleicht eine \u00dcbersetzung des schwedischen Textes? Lest Ihr vielleicht das sich reimende Original? Habt Ihr eine passendere \u00dcbersetzung oder habt Ihr Euch zu dem Regin etwas anderes gedacht? Ist soviel Zwergenkritik unangebracht? Und wie konnte das passieren, wo die Wurzeln des Asatru in Kulten liegen, die keine schriftlichen Offenbarungstexte und somit auch keine \u00dcbersetzungsprobleme mit irrt\u00fcmlichen Paradies\u00e4pfeln hatten, sondern m\u00fcndlich mit kunstvollen <a href=\"https:\/\/de.wikipedia.org\/wiki\/Kenning\" target=\"_blank\" rel=\"noreferrer noopener\">Kenningar<\/a> \u00fcberlieferten und wirkten?<\/p>\n\n\n<div class=\"wp-block-image is-style-default\">\n<figure class=\"aligncenter size-full is-resized\"><img loading=\"lazy\" decoding=\"async\" width=\"960\" height=\"646\" src=\"https:\/\/beowulf-shop.de\/blog\/wp-content\/uploads\/2023\/11\/Futhark-Kerzen-5.jpg\" alt=\"Sechs mit Runen verzierte V\u00e4ntljus-Kerzen stecken in einem Leuchter, der aus einem St\u00fcck rohen Baumstamm besteht. \" class=\"wp-image-417\" style=\"width:480px;height:323px\" srcset=\"https:\/\/beowulf-shop.de\/blog\/wp-content\/uploads\/2023\/11\/Futhark-Kerzen-5.jpg 960w, https:\/\/beowulf-shop.de\/blog\/wp-content\/uploads\/2023\/11\/Futhark-Kerzen-5-300x202.jpg 300w, https:\/\/beowulf-shop.de\/blog\/wp-content\/uploads\/2023\/11\/Futhark-Kerzen-5-768x517.jpg 768w\" sizes=\"auto, (max-width: 960px) 100vw, 960px\" \/><figcaption class=\"wp-element-caption\">Ein weiteres Kerzenset von Anni aus &#8222;Schabernacks Werkstatt&#8220;<\/figcaption><\/figure><\/div>\n\n\n<p><br><\/p>\n\n\n\n<h2 class=\"wp-block-heading\" id=\"stakeninfo\">Anhang: Infos zu V\u00e4ntljusstaken<\/h2>\n\n\n\n<p>Diese Idee der V\u00e4ntljusstaken, die ausdr\u00fccklich keinen Bezug auf eine \u00fcberlieferte, alte Tradition hat, sondern <strong>kreative Neu-Entwicklung<\/strong> von Ritualen im germanischen Heidentum ist, wurde in der heidnischen Szene begeistert aufgenommen und hat sich schnell verbreitet. Dazu gibt es einen Beitrag <a href=\"https:\/\/beowulf-shop.de\/de\/eldariten-ritualbuch-des-eldaring.html\" target=\"_blank\" rel=\"noreferrer noopener\">im Buch &#8222;Eldariten&#8220;<\/a>, dem Ritualbuch des Eldarings, und verschiedene Seiten in den Sozialen Medien (<a href=\"https:\/\/www.facebook.com\/vantljusstaken\" target=\"_blank\" rel=\"noreferrer noopener\">FB<\/a>, <a href=\"https:\/\/www.instagram.com\/sunwait_candles\/\" target=\"_blank\" rel=\"noreferrer noopener\">Insta<\/a>), wo viele Beispiele f\u00fcr <strong>individuell gestaltete Runenkerzen und V\u00e4ntljusstaken<\/strong> zu bewundern sind. <\/p>\n\n\n\n<p><br><\/p>\n\n\n\n<h3 class=\"wp-block-heading\"><strong>Warum 6 Runenkerzen<\/strong><\/h3>\n\n\n\n<p>Da die heidnische Familie in Schweden, die diese Wartelichtleuchter erdachte, auch das Alvablot feierte, lagen zwischen diesem und dem Fest zur Wintersonnenwende <strong>genau sechs Wochen<\/strong>. Daher begr\u00fcndet sich die Anzahl der 6 Kerzen. Sie wollten die Kerzen allerdings nicht einfach durchnummerieren. Zuf\u00e4llig passte, dass die historischen Runenreihen am Anfang immer <a href=\"https:\/\/beowulf-shop.de\/blog\/2023\/01\/28\/9-dinge-ueber-runenschrift-die-du-wissen-solltest\/#futhark\" target=\"_blank\" rel=\"noreferrer noopener\">die festgelegte Folge der 6 Runen F U Th A R K<\/a> haben, daher &#8222;Futhark&#8220; genannt werden und diese Runen prima auf die 6 Kerzen zu verteilen sind. Das ist zwar eine praktische Einteilung, aber eigentlich ist die Zahl 6 in der nordischen Mythologie unbekannt. <\/p>\n\n\n\n<p><br><\/p>\n\n\n\n<h3 class=\"wp-block-heading\" id=\"wartelicht-termine\"><strong>Termine der V\u00e4ntljus-Tage<\/strong><\/h3>\n\n\n\n<p>Dass die Kerzen <strong>immer am Donnerstag<\/strong> entz\u00fcndet werden, soll laut des nicht unumstrittenen Folkloristen Johan Theodor Storaker an der Verbindung von diesem Wochentag zur Volksmagie liegen: Am &#8222;torshelg&#8220;, wurde angeblich immer schon alten Br\u00e4uchen gefolgt. Wie auch immer &#8211; Thor gilt als Freund der Menschen und der <strong>&#8222;Donarstag&#8220;<\/strong> ist sein Tag. Es ist selbstverst\u00e4ndlich auch m\u00f6glich, f\u00fcr die Termine auch einen anderen Wochentag zu nehmen, wenn es besser in die Lebensgestaltung passt.<\/p>\n\n\n\n<p>Die <strong>Termine zu den V\u00e4ntljus-Tagen<\/strong> sind jedes Jahr unterschiedlich. 2025 sind sie an folgenden Donnerstagen:<\/p>\n\n\n\n<ul class=\"wp-block-list\">\n<li>14.11.2025<\/li>\n\n\n\n<li>21.11.2025<\/li>\n\n\n\n<li>28.11.2025<\/li>\n\n\n\n<li>5.12.2025<\/li>\n\n\n\n<li>12.12.2025<\/li>\n\n\n\n<li>und am 2119.12.2025<\/li>\n<\/ul>\n\n\n\n<p><br><\/p>\n\n\n\n<h3 class=\"wp-block-heading\"><strong>Abwandlungen<\/strong><\/h3>\n\n\n\n<p>Es wird auch praktiziert, die Kerzen am Beginn alle zu entz\u00fcnden, um sie dann Woche f\u00fcr Woche zu l\u00f6schen und nach der Wintersonnenwende erneut zu entz\u00fcnden. Damit wird der Wechsel der <strong>Tagesl\u00e4nge um die Wintersonnenwende<\/strong> herum verdeutlicht. <\/p>\n\n\n\n<p><br><\/p>\n\n\n\n<h3 class=\"wp-block-heading\"><strong>Der komplette Ritualtext f\u00fcr V\u00e4ntljusstaken<\/strong><\/h3>\n\n\n\n<p>Hier der <strong>schwedische Originaltext<\/strong> von Stina Christersdotter Jarenskog zu den Kerzenanz\u00fcndungen: <\/p>\n\n\n\n<p class=\"has-text-align-center\">Vi t\u00e4nder det f\u00f6rsta ljuset i v\u00e4nt<br>och l\u00e5ter det i f\u00e4runans tecken brinna<br>Tills solens drottning p\u00e5 nytt \u00e5terv\u00e4nt<br>m\u00e5 det om hennes prakt \u00e5minna<br><br>Vi t\u00e4nder det andra ljuset i v\u00e4nt<br>och l\u00e5ter det i urrunans tecken brinna<br>Med allting som kommer och allting som h\u00e4nt<br>M\u00e5 det om tidernas g\u00e5ng \u00e5minna<br><br>Vi t\u00e4nder det tredje ljuset i v\u00e4nt<br>och l\u00e5ter det i thursrunans tecken brinna<br>N\u00e4r vinterns f\u00f6r\u00f6dande krafter vi k\u00e4nnt<br>M\u00e5 den om v\u00e5rens \u00e5terkomst \u00e5minna<br><br>Vi t\u00e4nder det fj\u00e4rde ljuset i v\u00e4nt<br>och l\u00e5ter det i assrunans tecken brinna<br>I v\u00f6rdnad till guden som solen t\u00e4nt<br>m\u00e5 det om regins makt \u00e5minna<br><br>Vi t\u00e4nder det femte ljuset i v\u00e4nt<br>och l\u00e5ter det i reidrunans tecken brinna<br>I l\u00e4ngtan till det som en dag ska ha \u00e5terv\u00e4nt<br>m\u00e5 det om resan mot m\u00e5l \u00e5minna<br><br>Vi t\u00e4nder det sj\u00e4tte ljuset i v\u00e4nt<br>och l\u00e5ter det i kenrunans tecken brinna<br>Ett ljus som \u00e5ter i m\u00f6rkret \u00e4r t\u00e4nt<br>m\u00e5 det om julens hopp \u00e5minna<\/p>\n\n\n\n<p>Und <strong>eine neue \u00dcbersetzung<\/strong> (auch inhaltlich in Bezug auf die Runen wieder ziemlich \u00fcber\u00b4s Knie gebrochen, aber etwas gereimter, zwergenfrei und von mir):<\/p>\n\n\n\n<p class=\"has-text-align-center\">Wir entz\u00fcnden wartend die erste Kerze<br>und lassen sie leuchten in Fehus Schein<br>Bis die Sonnenk\u00f6nigin wiederkehrt<br>M\u00f6ge sie Erinnerung an Pr\u00e4chtigkeit sein<\/p>\n\n\n\n<p class=\"has-text-align-center\">Wir entz\u00fcnden wartend die zweite Kerze<br>und lassen sie leuchten in Uruz\u00b4 Schein<br>Mit allem, was komme, und allem, was war<br>M\u00f6ge sie Erinnerung an Zeitenlauf sein<\/p>\n\n\n\n<p class=\"has-text-align-center\">Wir entz\u00fcnden wartend die dritte Kerze<br>und lassen sie leuchten in Thurisaz\u00b4 Schein<br>Wenn wir die erstarrende Kraft des Winters sp\u00fcren<br>M\u00f6ge sie Erinnerung an Fr\u00fchlingsst\u00e4rke sein<\/p>\n\n\n\n<p class=\"has-text-align-center\">Wir entz\u00fcnden wartend die vierte Kerze<br>und lassen sie leuchten in Ansuz\u00b4 Schein<br>In Ehrfurcht vor dem Gott, der die Sonne entz\u00fcndete<br>M\u00f6ge sie Erinnerung an G\u00f6ttermacht sein<\/p>\n\n\n\n<p class=\"has-text-align-center\">Wir entz\u00fcnden wartend die f\u00fcnfte Kerze<br>und lassen sie leuchten in Raidos Schein<br>Sehnsucht nach dem, was erreicht werden wird<br>M\u00f6ge sie Erinnerung an Reiseziel sein<\/p>\n\n\n\n<p class=\"has-text-align-center\">Wir entz\u00fcnden wartend die sechste Kerze<br>und lassen sie leuchten in Kenaz\u00b4 Schein.<br>Ein Licht, wieder in Dunkelheit entflammt<br>M\u00f6ge sie Erinnerung an Weihnachtshoffnung sein<\/p>\n","protected":false},"excerpt":{"rendered":"<p>Hier geht es den Brauch der V\u00e4ntljusstaken und um die \u00dcbersetzung des dazugeh\u00f6rigen Ritualtextes.<\/p>\n","protected":false},"author":2,"featured_media":398,"comment_status":"open","ping_status":"open","sticky":false,"template":"","format":"standard","meta":{"footnotes":""},"categories":[52,21],"tags":[50,54,55,49,59,62,6,60,51,47,56,48,57,58],"class_list":["post-369","post","type-post","status-publish","format-standard","has-post-thumbnail","hentry","category-modernes-heidentum","category-runen","tag-brauch","tag-historische-quellen","tag-kerzenritual","tag-lichterwartung","tag-ritual","tag-ritualtext","tag-runen","tag-termine-2023","tag-uebersetzung","tag-vaentljusstaken","tag-vorweihnachtszeit","tag-wartelichter","tag-wintersonnenwende","tag-zwerge"],"yoast_head":"<!-- This site is optimized with the Yoast SEO plugin v27.1.1 - https:\/\/yoast.com\/product\/yoast-seo-wordpress\/ -->\n<title>Licht ins Dunkel - V\u00e4ntljusstaken, \u00dcbersetzung &amp; ein Zwerg - Beowulf Blog<\/title>\n<meta name=\"description\" content=\"V\u00e4ntljusstaken im Asatru: Findet sich in den vielfach \u00fcbersetzten Ritualexten heimlich Dvergartru \/ Zwergenkult? ;-)\" \/>\n<meta name=\"robots\" content=\"index, follow, max-snippet:-1, max-image-preview:large, max-video-preview:-1\" \/>\n<link rel=\"canonical\" href=\"https:\/\/beowulf-shop.de\/blog\/2023\/11\/20\/vaentljusstaken-und-ritualtexte\/\" \/>\n<meta property=\"og:locale\" content=\"de_DE\" \/>\n<meta property=\"og:type\" content=\"article\" \/>\n<meta property=\"og:title\" content=\"Licht ins Dunkel - V\u00e4ntljusstaken, \u00dcbersetzung &amp; ein Zwerg - Beowulf Blog\" \/>\n<meta property=\"og:description\" content=\"V\u00e4ntljusstaken im Asatru: Findet sich in den vielfach \u00fcbersetzten Ritualexten heimlich Dvergartru \/ Zwergenkult? ;-)\" \/>\n<meta property=\"og:url\" content=\"https:\/\/beowulf-shop.de\/blog\/2023\/11\/20\/vaentljusstaken-und-ritualtexte\/\" \/>\n<meta property=\"og:site_name\" content=\"Beowulf Blog\" \/>\n<meta property=\"article:publisher\" content=\"https:\/\/de-de.facebook.com\/BeowulfSchleswig\" \/>\n<meta property=\"article:published_time\" content=\"2023-11-20T02:05:20+00:00\" \/>\n<meta property=\"article:modified_time\" content=\"2025-12-03T13:37:04+00:00\" \/>\n<meta property=\"og:image\" content=\"https:\/\/beowulf-shop.de\/blog\/wp-content\/uploads\/2023\/11\/Blogartikel_Vaentljus_Header.jpg\" \/>\n\t<meta property=\"og:image:width\" content=\"624\" \/>\n\t<meta property=\"og:image:height\" content=\"327\" \/>\n\t<meta property=\"og:image:type\" content=\"image\/jpeg\" \/>\n<meta name=\"author\" content=\"Martje\" \/>\n<meta name=\"twitter:card\" content=\"summary_large_image\" \/>\n<meta name=\"twitter:label1\" content=\"Verfasst von\" \/>\n\t<meta name=\"twitter:data1\" content=\"Martje\" \/>\n\t<meta name=\"twitter:label2\" content=\"Gesch\u00e4tzte Lesezeit\" \/>\n\t<meta name=\"twitter:data2\" content=\"14\u00a0Minuten\" \/>\n<script type=\"application\/ld+json\" class=\"yoast-schema-graph\">{\"@context\":\"https:\/\/schema.org\",\"@graph\":[{\"@type\":[\"Article\",\"BlogPosting\"],\"@id\":\"https:\/\/beowulf-shop.de\/blog\/2023\/11\/20\/vaentljusstaken-und-ritualtexte\/#article\",\"isPartOf\":{\"@id\":\"https:\/\/beowulf-shop.de\/blog\/2023\/11\/20\/vaentljusstaken-und-ritualtexte\/\"},\"author\":{\"name\":\"Martje\",\"@id\":\"https:\/\/beowulf-shop.de\/blog\/#\/schema\/person\/06d59fc35bd25dbbb0bf44e35a8e0ae1\"},\"headline\":\"Licht ins Dunkel &#8211; V\u00e4ntljusstaken, \u00dcbersetzung &amp; ein Zwerg\",\"datePublished\":\"2023-11-20T02:05:20+00:00\",\"dateModified\":\"2025-12-03T13:37:04+00:00\",\"mainEntityOfPage\":{\"@id\":\"https:\/\/beowulf-shop.de\/blog\/2023\/11\/20\/vaentljusstaken-und-ritualtexte\/\"},\"wordCount\":2513,\"commentCount\":0,\"publisher\":{\"@id\":\"https:\/\/beowulf-shop.de\/blog\/#organization\"},\"image\":{\"@id\":\"https:\/\/beowulf-shop.de\/blog\/2023\/11\/20\/vaentljusstaken-und-ritualtexte\/#primaryimage\"},\"thumbnailUrl\":\"https:\/\/beowulf-shop.de\/blog\/wp-content\/uploads\/2023\/11\/Blogartikel_Vaentljus_Header.jpg\",\"keywords\":[\"Brauch\",\"historische Quellen\",\"Kerzenritual\",\"Lichterwartung\",\"Ritual\",\"Ritualtext\",\"Runen\",\"Termine 2023\",\"\u00dcbersetzung\",\"V\u00e4ntljusstaken\",\"Vorweihnachtszeit\",\"Wartelichter\",\"Wintersonnenwende\",\"Zwerge\"],\"articleSection\":[\"Modernes Heidentum\",\"Runen\"],\"inLanguage\":\"de\",\"potentialAction\":[{\"@type\":\"CommentAction\",\"name\":\"Comment\",\"target\":[\"https:\/\/beowulf-shop.de\/blog\/2023\/11\/20\/vaentljusstaken-und-ritualtexte\/#respond\"]}]},{\"@type\":\"WebPage\",\"@id\":\"https:\/\/beowulf-shop.de\/blog\/2023\/11\/20\/vaentljusstaken-und-ritualtexte\/\",\"url\":\"https:\/\/beowulf-shop.de\/blog\/2023\/11\/20\/vaentljusstaken-und-ritualtexte\/\",\"name\":\"Licht ins Dunkel - V\u00e4ntljusstaken, \u00dcbersetzung &amp; ein Zwerg - Beowulf Blog\",\"isPartOf\":{\"@id\":\"https:\/\/beowulf-shop.de\/blog\/#website\"},\"primaryImageOfPage\":{\"@id\":\"https:\/\/beowulf-shop.de\/blog\/2023\/11\/20\/vaentljusstaken-und-ritualtexte\/#primaryimage\"},\"image\":{\"@id\":\"https:\/\/beowulf-shop.de\/blog\/2023\/11\/20\/vaentljusstaken-und-ritualtexte\/#primaryimage\"},\"thumbnailUrl\":\"https:\/\/beowulf-shop.de\/blog\/wp-content\/uploads\/2023\/11\/Blogartikel_Vaentljus_Header.jpg\",\"datePublished\":\"2023-11-20T02:05:20+00:00\",\"dateModified\":\"2025-12-03T13:37:04+00:00\",\"description\":\"V\u00e4ntljusstaken im Asatru: Findet sich in den vielfach \u00fcbersetzten Ritualexten heimlich Dvergartru \/ Zwergenkult? ;-)\",\"breadcrumb\":{\"@id\":\"https:\/\/beowulf-shop.de\/blog\/2023\/11\/20\/vaentljusstaken-und-ritualtexte\/#breadcrumb\"},\"inLanguage\":\"de\",\"potentialAction\":[{\"@type\":\"ReadAction\",\"target\":[\"https:\/\/beowulf-shop.de\/blog\/2023\/11\/20\/vaentljusstaken-und-ritualtexte\/\"]}]},{\"@type\":\"ImageObject\",\"inLanguage\":\"de\",\"@id\":\"https:\/\/beowulf-shop.de\/blog\/2023\/11\/20\/vaentljusstaken-und-ritualtexte\/#primaryimage\",\"url\":\"https:\/\/beowulf-shop.de\/blog\/wp-content\/uploads\/2023\/11\/Blogartikel_Vaentljus_Header.jpg\",\"contentUrl\":\"https:\/\/beowulf-shop.de\/blog\/wp-content\/uploads\/2023\/11\/Blogartikel_Vaentljus_Header.jpg\",\"width\":624,\"height\":327,\"caption\":\"Das Bild zeigt die Artikel\u00fcberschrift vor einem b\u00e4rtigen Zwergenkopf aus Textil\"},{\"@type\":\"BreadcrumbList\",\"@id\":\"https:\/\/beowulf-shop.de\/blog\/2023\/11\/20\/vaentljusstaken-und-ritualtexte\/#breadcrumb\",\"itemListElement\":[{\"@type\":\"ListItem\",\"position\":1,\"name\":\"Startseite\",\"item\":\"https:\/\/beowulf-shop.de\/blog\/\"},{\"@type\":\"ListItem\",\"position\":2,\"name\":\"Licht ins Dunkel &#8211; V\u00e4ntljusstaken, \u00dcbersetzung &amp; ein Zwerg\"}]},{\"@type\":\"WebSite\",\"@id\":\"https:\/\/beowulf-shop.de\/blog\/#website\",\"url\":\"https:\/\/beowulf-shop.de\/blog\/\",\"name\":\"Beowulf Blog, das Blog vom Beowulf-Shop\",\"description\":\"Das Blog vom Beowulf-Shop\",\"publisher\":{\"@id\":\"https:\/\/beowulf-shop.de\/blog\/#organization\"},\"potentialAction\":[{\"@type\":\"SearchAction\",\"target\":{\"@type\":\"EntryPoint\",\"urlTemplate\":\"https:\/\/beowulf-shop.de\/blog\/?s={search_term_string}\"},\"query-input\":{\"@type\":\"PropertyValueSpecification\",\"valueRequired\":true,\"valueName\":\"search_term_string\"}}],\"inLanguage\":\"de\"},{\"@type\":\"Organization\",\"@id\":\"https:\/\/beowulf-shop.de\/blog\/#organization\",\"name\":\"Beowulf Schleswig\",\"url\":\"https:\/\/beowulf-shop.de\/blog\/\",\"logo\":{\"@type\":\"ImageObject\",\"inLanguage\":\"de\",\"@id\":\"https:\/\/beowulf-shop.de\/blog\/#\/schema\/logo\/image\/\",\"url\":\"https:\/\/beowulf-shop.de\/blog\/wp-content\/uploads\/2023\/01\/Boot-Gruenrunen-trans.png\",\"contentUrl\":\"https:\/\/beowulf-shop.de\/blog\/wp-content\/uploads\/2023\/01\/Boot-Gruenrunen-trans.png\",\"width\":2762,\"height\":1429,\"caption\":\"Beowulf Schleswig\"},\"image\":{\"@id\":\"https:\/\/beowulf-shop.de\/blog\/#\/schema\/logo\/image\/\"},\"sameAs\":[\"https:\/\/de-de.facebook.com\/BeowulfSchleswig\",\"https:\/\/www.youtube.com\/channel\/UCQILicznNdKo_qn4MUE09rg\",\"https:\/\/www.instagram.com\/beowulf_schleswig\/\"]},{\"@type\":\"Person\",\"@id\":\"https:\/\/beowulf-shop.de\/blog\/#\/schema\/person\/06d59fc35bd25dbbb0bf44e35a8e0ae1\",\"name\":\"Martje\",\"image\":{\"@type\":\"ImageObject\",\"inLanguage\":\"de\",\"@id\":\"https:\/\/beowulf-shop.de\/blog\/#\/schema\/person\/image\/\",\"url\":\"https:\/\/secure.gravatar.com\/avatar\/d5cf930e329e755c2f180eff6b340cd5fd327e7b43897f6dff0ffadb08d8d6bd?s=96&d=mm&r=g\",\"contentUrl\":\"https:\/\/secure.gravatar.com\/avatar\/d5cf930e329e755c2f180eff6b340cd5fd327e7b43897f6dff0ffadb08d8d6bd?s=96&d=mm&r=g\",\"caption\":\"Martje\"},\"url\":\"https:\/\/beowulf-shop.de\/blog\/author\/martje\/\"}]}<\/script>\n<!-- \/ Yoast SEO plugin. -->","yoast_head_json":{"title":"Licht ins Dunkel - V\u00e4ntljusstaken, \u00dcbersetzung &amp; ein Zwerg - Beowulf Blog","description":"V\u00e4ntljusstaken im Asatru: Findet sich in den vielfach \u00fcbersetzten Ritualexten heimlich Dvergartru \/ Zwergenkult? ;-)","robots":{"index":"index","follow":"follow","max-snippet":"max-snippet:-1","max-image-preview":"max-image-preview:large","max-video-preview":"max-video-preview:-1"},"canonical":"https:\/\/beowulf-shop.de\/blog\/2023\/11\/20\/vaentljusstaken-und-ritualtexte\/","og_locale":"de_DE","og_type":"article","og_title":"Licht ins Dunkel - V\u00e4ntljusstaken, \u00dcbersetzung &amp; ein Zwerg - Beowulf Blog","og_description":"V\u00e4ntljusstaken im Asatru: Findet sich in den vielfach \u00fcbersetzten Ritualexten heimlich Dvergartru \/ Zwergenkult? ;-)","og_url":"https:\/\/beowulf-shop.de\/blog\/2023\/11\/20\/vaentljusstaken-und-ritualtexte\/","og_site_name":"Beowulf Blog","article_publisher":"https:\/\/de-de.facebook.com\/BeowulfSchleswig","article_published_time":"2023-11-20T02:05:20+00:00","article_modified_time":"2025-12-03T13:37:04+00:00","og_image":[{"width":624,"height":327,"url":"https:\/\/beowulf-shop.de\/blog\/wp-content\/uploads\/2023\/11\/Blogartikel_Vaentljus_Header.jpg","type":"image\/jpeg"}],"author":"Martje","twitter_card":"summary_large_image","twitter_misc":{"Verfasst von":"Martje","Gesch\u00e4tzte Lesezeit":"14\u00a0Minuten"},"schema":{"@context":"https:\/\/schema.org","@graph":[{"@type":["Article","BlogPosting"],"@id":"https:\/\/beowulf-shop.de\/blog\/2023\/11\/20\/vaentljusstaken-und-ritualtexte\/#article","isPartOf":{"@id":"https:\/\/beowulf-shop.de\/blog\/2023\/11\/20\/vaentljusstaken-und-ritualtexte\/"},"author":{"name":"Martje","@id":"https:\/\/beowulf-shop.de\/blog\/#\/schema\/person\/06d59fc35bd25dbbb0bf44e35a8e0ae1"},"headline":"Licht ins Dunkel &#8211; V\u00e4ntljusstaken, \u00dcbersetzung &amp; ein Zwerg","datePublished":"2023-11-20T02:05:20+00:00","dateModified":"2025-12-03T13:37:04+00:00","mainEntityOfPage":{"@id":"https:\/\/beowulf-shop.de\/blog\/2023\/11\/20\/vaentljusstaken-und-ritualtexte\/"},"wordCount":2513,"commentCount":0,"publisher":{"@id":"https:\/\/beowulf-shop.de\/blog\/#organization"},"image":{"@id":"https:\/\/beowulf-shop.de\/blog\/2023\/11\/20\/vaentljusstaken-und-ritualtexte\/#primaryimage"},"thumbnailUrl":"https:\/\/beowulf-shop.de\/blog\/wp-content\/uploads\/2023\/11\/Blogartikel_Vaentljus_Header.jpg","keywords":["Brauch","historische Quellen","Kerzenritual","Lichterwartung","Ritual","Ritualtext","Runen","Termine 2023","\u00dcbersetzung","V\u00e4ntljusstaken","Vorweihnachtszeit","Wartelichter","Wintersonnenwende","Zwerge"],"articleSection":["Modernes Heidentum","Runen"],"inLanguage":"de","potentialAction":[{"@type":"CommentAction","name":"Comment","target":["https:\/\/beowulf-shop.de\/blog\/2023\/11\/20\/vaentljusstaken-und-ritualtexte\/#respond"]}]},{"@type":"WebPage","@id":"https:\/\/beowulf-shop.de\/blog\/2023\/11\/20\/vaentljusstaken-und-ritualtexte\/","url":"https:\/\/beowulf-shop.de\/blog\/2023\/11\/20\/vaentljusstaken-und-ritualtexte\/","name":"Licht ins Dunkel - V\u00e4ntljusstaken, \u00dcbersetzung &amp; ein Zwerg - Beowulf Blog","isPartOf":{"@id":"https:\/\/beowulf-shop.de\/blog\/#website"},"primaryImageOfPage":{"@id":"https:\/\/beowulf-shop.de\/blog\/2023\/11\/20\/vaentljusstaken-und-ritualtexte\/#primaryimage"},"image":{"@id":"https:\/\/beowulf-shop.de\/blog\/2023\/11\/20\/vaentljusstaken-und-ritualtexte\/#primaryimage"},"thumbnailUrl":"https:\/\/beowulf-shop.de\/blog\/wp-content\/uploads\/2023\/11\/Blogartikel_Vaentljus_Header.jpg","datePublished":"2023-11-20T02:05:20+00:00","dateModified":"2025-12-03T13:37:04+00:00","description":"V\u00e4ntljusstaken im Asatru: Findet sich in den vielfach \u00fcbersetzten Ritualexten heimlich Dvergartru \/ Zwergenkult? ;-)","breadcrumb":{"@id":"https:\/\/beowulf-shop.de\/blog\/2023\/11\/20\/vaentljusstaken-und-ritualtexte\/#breadcrumb"},"inLanguage":"de","potentialAction":[{"@type":"ReadAction","target":["https:\/\/beowulf-shop.de\/blog\/2023\/11\/20\/vaentljusstaken-und-ritualtexte\/"]}]},{"@type":"ImageObject","inLanguage":"de","@id":"https:\/\/beowulf-shop.de\/blog\/2023\/11\/20\/vaentljusstaken-und-ritualtexte\/#primaryimage","url":"https:\/\/beowulf-shop.de\/blog\/wp-content\/uploads\/2023\/11\/Blogartikel_Vaentljus_Header.jpg","contentUrl":"https:\/\/beowulf-shop.de\/blog\/wp-content\/uploads\/2023\/11\/Blogartikel_Vaentljus_Header.jpg","width":624,"height":327,"caption":"Das Bild zeigt die Artikel\u00fcberschrift vor einem b\u00e4rtigen Zwergenkopf aus Textil"},{"@type":"BreadcrumbList","@id":"https:\/\/beowulf-shop.de\/blog\/2023\/11\/20\/vaentljusstaken-und-ritualtexte\/#breadcrumb","itemListElement":[{"@type":"ListItem","position":1,"name":"Startseite","item":"https:\/\/beowulf-shop.de\/blog\/"},{"@type":"ListItem","position":2,"name":"Licht ins Dunkel &#8211; V\u00e4ntljusstaken, \u00dcbersetzung &amp; ein Zwerg"}]},{"@type":"WebSite","@id":"https:\/\/beowulf-shop.de\/blog\/#website","url":"https:\/\/beowulf-shop.de\/blog\/","name":"Beowulf Blog, das Blog vom Beowulf-Shop","description":"Das Blog vom Beowulf-Shop","publisher":{"@id":"https:\/\/beowulf-shop.de\/blog\/#organization"},"potentialAction":[{"@type":"SearchAction","target":{"@type":"EntryPoint","urlTemplate":"https:\/\/beowulf-shop.de\/blog\/?s={search_term_string}"},"query-input":{"@type":"PropertyValueSpecification","valueRequired":true,"valueName":"search_term_string"}}],"inLanguage":"de"},{"@type":"Organization","@id":"https:\/\/beowulf-shop.de\/blog\/#organization","name":"Beowulf Schleswig","url":"https:\/\/beowulf-shop.de\/blog\/","logo":{"@type":"ImageObject","inLanguage":"de","@id":"https:\/\/beowulf-shop.de\/blog\/#\/schema\/logo\/image\/","url":"https:\/\/beowulf-shop.de\/blog\/wp-content\/uploads\/2023\/01\/Boot-Gruenrunen-trans.png","contentUrl":"https:\/\/beowulf-shop.de\/blog\/wp-content\/uploads\/2023\/01\/Boot-Gruenrunen-trans.png","width":2762,"height":1429,"caption":"Beowulf Schleswig"},"image":{"@id":"https:\/\/beowulf-shop.de\/blog\/#\/schema\/logo\/image\/"},"sameAs":["https:\/\/de-de.facebook.com\/BeowulfSchleswig","https:\/\/www.youtube.com\/channel\/UCQILicznNdKo_qn4MUE09rg","https:\/\/www.instagram.com\/beowulf_schleswig\/"]},{"@type":"Person","@id":"https:\/\/beowulf-shop.de\/blog\/#\/schema\/person\/06d59fc35bd25dbbb0bf44e35a8e0ae1","name":"Martje","image":{"@type":"ImageObject","inLanguage":"de","@id":"https:\/\/beowulf-shop.de\/blog\/#\/schema\/person\/image\/","url":"https:\/\/secure.gravatar.com\/avatar\/d5cf930e329e755c2f180eff6b340cd5fd327e7b43897f6dff0ffadb08d8d6bd?s=96&d=mm&r=g","contentUrl":"https:\/\/secure.gravatar.com\/avatar\/d5cf930e329e755c2f180eff6b340cd5fd327e7b43897f6dff0ffadb08d8d6bd?s=96&d=mm&r=g","caption":"Martje"},"url":"https:\/\/beowulf-shop.de\/blog\/author\/martje\/"}]}},"_links":{"self":[{"href":"https:\/\/beowulf-shop.de\/blog\/wp-json\/wp\/v2\/posts\/369","targetHints":{"allow":["GET"]}}],"collection":[{"href":"https:\/\/beowulf-shop.de\/blog\/wp-json\/wp\/v2\/posts"}],"about":[{"href":"https:\/\/beowulf-shop.de\/blog\/wp-json\/wp\/v2\/types\/post"}],"author":[{"embeddable":true,"href":"https:\/\/beowulf-shop.de\/blog\/wp-json\/wp\/v2\/users\/2"}],"replies":[{"embeddable":true,"href":"https:\/\/beowulf-shop.de\/blog\/wp-json\/wp\/v2\/comments?post=369"}],"version-history":[{"count":99,"href":"https:\/\/beowulf-shop.de\/blog\/wp-json\/wp\/v2\/posts\/369\/revisions"}],"predecessor-version":[{"id":992,"href":"https:\/\/beowulf-shop.de\/blog\/wp-json\/wp\/v2\/posts\/369\/revisions\/992"}],"wp:featuredmedia":[{"embeddable":true,"href":"https:\/\/beowulf-shop.de\/blog\/wp-json\/wp\/v2\/media\/398"}],"wp:attachment":[{"href":"https:\/\/beowulf-shop.de\/blog\/wp-json\/wp\/v2\/media?parent=369"}],"wp:term":[{"taxonomy":"category","embeddable":true,"href":"https:\/\/beowulf-shop.de\/blog\/wp-json\/wp\/v2\/categories?post=369"},{"taxonomy":"post_tag","embeddable":true,"href":"https:\/\/beowulf-shop.de\/blog\/wp-json\/wp\/v2\/tags?post=369"}],"curies":[{"name":"wp","href":"https:\/\/api.w.org\/{rel}","templated":true}]}}