{"id":922,"date":"2025-07-09T15:00:00","date_gmt":"2025-07-09T13:00:00","guid":{"rendered":"https:\/\/beowulf-shop.de\/blog\/?p=922"},"modified":"2026-03-11T12:17:57","modified_gmt":"2026-03-11T11:17:57","slug":"anne-paysen-petersen","status":"publish","type":"post","link":"https:\/\/beowulf-shop.de\/blog\/2025\/07\/09\/anne-paysen-petersen\/","title":{"rendered":"Anne und &#8222;Lokis Familie&#8220;"},"content":{"rendered":"\n<p>Von Anne Paysen-Petersen stammt das Bild &#8222;Lokis Familienidylle&#8220;, das wir jetzt als Postkarte haben drucken lassen. Anne war eine Schleswiger K\u00fcnstlerin, die als Malerin und Skaldin mit dem von ihr gew\u00e4hlten K\u00fcnstlernamen &#8222;Meta, die Mythenerz\u00e4hlerin&#8220; wirkte. Zu dem Bild, dessen Motive Leute mit mythologischem Hintergrundwissen sicher gleich erkennen, gibt es eine Entstehungsgeschichte und einen gezeichneten Entwurf. <\/p>\n\n\n\n<!--more-->\n\n\n\n<h2 class=\"wp-block-heading\"><br>Ein Thema, Annes Idee und eine Skizze<\/h2>\n\n\n\n<p id=\"Annes-Erbe\">Eines Tages brachte Anne diese Skizze hier zu einem Treffen mit und stellte sie uns mit schelmischem Grinsen und den Worten &#8222;Ich hab da eine Idee!&#8220; als Entwurf zu einem Bild vor.<\/p>\n\n\n\n<figure class=\"wp-block-image size-full is-resized\"><img loading=\"lazy\" decoding=\"async\" width=\"800\" height=\"829\" src=\"https:\/\/beowulf-shop.de\/blog\/wp-content\/uploads\/2025\/07\/Lokis_Familien-Idylle-Skizze_Wasserzeichen.jpg\" alt=\"Eine Skizze mit f\u00fcnf Gestalten, fast nur schwarz gezeichnet, mit wenigen blauen Linien als Schattenfl\u00e4chen und einigen gezielt roten Hervorhebungen: Eine Person mit roten Haaren lehnt an der Seite einer gro\u00dfen, vollbusigen Person, deren Kopf am oberen Bildrand abgeschnitten ist und von der nur rote Lippen zu sehen sind. Um die beiden herum befindet sich ein wolfsartiger Hund, spielerisch auf dem R\u00fccken liegend und mit roter Zunge, eine kleine Gestalt im Kleidchen und mit totensch\u00e4delartigem Kopf sowie eine gro\u00dfe, rotzungige Schlange, die sich hinter den anderen in wilden Knoten windet.\" class=\"wp-image-937\" style=\"width:840px;height:auto\" srcset=\"https:\/\/beowulf-shop.de\/blog\/wp-content\/uploads\/2025\/07\/Lokis_Familien-Idylle-Skizze_Wasserzeichen.jpg 800w, https:\/\/beowulf-shop.de\/blog\/wp-content\/uploads\/2025\/07\/Lokis_Familien-Idylle-Skizze_Wasserzeichen-290x300.jpg 290w, https:\/\/beowulf-shop.de\/blog\/wp-content\/uploads\/2025\/07\/Lokis_Familien-Idylle-Skizze_Wasserzeichen-768x796.jpg 768w\" sizes=\"auto, (max-width: 800px) 100vw, 800px\" \/><\/figure>\n\n\n\n<p><br>Der \u00f6rtliche Kunstverein hatte 2016 eine Ausstellung anl\u00e4sslich der Er\u00f6ffnung des neuen Klinikums in Schleswig geplant, bei der alle ein Bild zum Thema &#8222;Familie&#8220; malen sollten. Dieses Thema empfand Anne jedoch als &#8222;stinklangweilig und abgedroschen&#8220; &#8211; bis sie auf eine Idee kam: Sie wollte eine h\u00f6chst interessante Familie abbilden, zumindest einen Teil davon, n\u00e4mlich die vom Gott Loki, die er zusammen mit der Riesin Angrboda und ihren gemeinsamen drei Kindern hat: das knuddelige Fenrisw\u00f6lfchen, die noch kleine und verspielt-verknotete Mittgardschlange und die junge Toteng\u00f6ttin Hel.<\/p>\n\n\n\n<p>(Loki h\u00e4tte noch andere Familienzweige als Motiv, denn er ist ebenfalls Mutter (!) des achtbeinigen Pferdes &#8222;Sleipnir&#8220; und hat zusammen mit der G\u00f6ttin Sigyn zwei S\u00f6hne namens Narfi und Ali, aber das sind andere Geschichten.)<br><br><\/p>\n\n\n\n<h2 class=\"wp-block-heading\">Das fertige Bild<\/h2>\n\n\n\n<p>Schlie\u00dflich wurde aus der Skizze ein Gem\u00e4lde, das Loki im Kreis der kleinen Familie zeigt, die er mit Angroda hat. Das Bild lie\u00df Anne dann in einen Holzrahmen setzen, der in den vier Ecken mit kleinen Schlangen aus Blech verziert ist. <\/p>\n\n\n\n<figure class=\"wp-block-image size-large\"><img decoding=\"async\" src=\"https:\/\/beowulf-shop.de\/blog\/wp-content\/uploads\/2025\/06\/Familienidylle_Wasserzeichen-e1752065775862.png\" alt=\"Ein Gem\u00e4lde mit f\u00fcnf Gestalten: Eine Person mit roten Haaren lehnt an der Seite einer gro\u00dfen, barbusigen Person, die so gro\u00df ist, dass ihr Kopf am oberen Bildrand abgeschnitten ist. Um die beiden herum befindet sich ein wolfsartiger Hund, spielerisch auf dem R\u00fccken liegend, eine kleine Gestalt im Kleidchen und mit totensch\u00e4delartigem Kopf sowie eine gro\u00dfe, z\u00fcngelnde Schlange, die sich hinter den anderen in wildem Flechtknoten windet.\"\/><\/figure>\n\n\n\n<h2 class=\"wp-block-heading\"><br><br>Anne-Paysen-Petersen<\/h2>\n\n\n\n<p><figure id=\"attachment_3208\" aria-describedby=\"caption-attachment-3208\" style=\"width: 300px\" class=\"wp-caption alignleft\"><a href=\"https:\/\/beowulf-shop.de\/blog\/wp-content\/uploads\/2025\/07\/Anne_erzaehlt_als_Meta_2017.jpg\" target=\"_blank\" rel=\"noreferrer noopener\"><img decoding=\"async\" class=\"wp-image-3208\" src=\"https:\/\/beowulf-schleswig.de\/wp-content\/uploads\/2021\/09\/Anne_erzaehlt_2017-e1633974101994.jpg\" alt=\"Ein Foto von Anne: Eine wei\u00dfhaarige Frau, die einen Schal mit Runen und Flechtmuster tr\u00e4gt, sitzt in einem Stuhl und erz\u00e4hlt.\" style=\"\"><\/a><figcaption id=\"caption-attachment-3208\" class=\"wp-caption-text\">Anne als &#8222;Meta, die Mythenerz\u00e4hlerin&#8220;<\/figcaption><\/figure><br><br>Im August 2021 verstarb Annemarie Paysen-Petersen. Sie wurde 1935 in Dresden geboren und studierte an der Leipziger Hochschule f\u00fcr Grafik und Buchkunst. Nach Beteiligung an einer regimekritischen Demonstration musste sie in die Kunsterziehung wechseln. Gerne berichtete sie mit einem Schmunzeln davon, dass sie w\u00e4hrend der damals vorgeschriebenen politischen Vorlesungen heimlich unter dem Tisch B\u00fccher zum Thema Mythologie las. Nach dem Abschluss unterrichtete sie noch ein Jahr in der DDR, floh jedoch 1958 mit Ihrer Familie in den Westen, holte die Referendariatszeit nach und arbeitete bis 1997 als Gymnasiallehrerin an der Lornsenschule in Schleswig.<br><br><br><\/p>\n\n\n\n<h2 class=\"wp-block-heading\">Mythologie, Kunst und Skaldik<\/h2>\n\n\n\n<p>Als wir sie durch ihr Interesse an unserem Laden und Tun in Schleswig kennenlernen durften, hatte sie die Jahre Ihrer Pensionierung bereits f\u00fcr ausgiebige Reisen zu vielen interessanten St\u00e4tten der Vorgeschichte und der Wikingerzeit genutzt. So schw\u00e4rmte sie vom Besuch der rekonstruierten Kreisgrabenanlagen in Goseck und konnte von Aufenthalten auf Island, &#8222;L\u2019Anse aux Meadows&#8220; in Kanada, dem russischen St. Petersburg und auch von nahezu s\u00e4mtlichen Wikingermuseen Skandinaviens berichten. Dieses umfangreiche Wissen nutzte sie sowohl bei Ihrer langj\u00e4hrigen T\u00e4tigkeit als Moderatorin des Wikingermuseums Haithabu als auch bei Ihren Auftritten als &#8222;Geschichten- und Sagenerz\u00e4hlerin Meta&#8220;.<br><br>Anne bereicherte unsere Aktivit\u00e4ten nicht nur durch ihre Geschichten, sondern auch durch ihre Gem\u00e4lde, welche wir in unserem Gesch\u00e4ft ausstellten und von denen viele nach ihrem Tod in unseren Besitz \u00fcbergingen.<br><br><figure id=\"attachment_2195\" aria-describedby=\"caption-attachment-2195\" style=\"width: 500px\" class=\"wp-caption aligncenter\"><a href=\"https:\/\/beowulf-schleswig.de\/wp-content\/uploads\/2016\/10\/IMG_2554_bearb.-e1632332381997.jpg\" target=\"_blank\" rel=\"noopener\"><img decoding=\"async\" class=\"wp-image-2195\" style=\"\" src=\"https:\/\/beowulf-schleswig.de\/wp-content\/uploads\/2016\/10\/IMG_2554_bearb.-e1632332381997.jpg\" alt=\"\u00dcber einem B\u00fcchertresen h\u00e4ngt ein Bild mit einer Malerei eines knorrig gewachsesen Baumes, zu dem Anne durch die ber\u00fchmte Hainbuche bei Haithabu inspiriert wurde.\"><\/a><figcaption id=\"caption-attachment-2195\" class=\"wp-caption-text\">Die &#8222;Hainbuche bei Haithabu&#8220;<\/figcaption><\/figure><br><br><figure id=\"attachment_2194\" aria-describedby=\"caption-attachment-2194\" style=\"width: 500px\" class=\"wp-caption aligncenter\"><a href=\"https:\/\/beowulf-shop.de\/blog\/wp-content\/uploads\/2025\/07\/Wolfszeit_im_Schaufenster_von_Beowulf-Schleswig.jpg\" target=\"_blank\" rel=\"noreferrer noopener\"><img decoding=\"async\" class=\"wp-image-2194\" style=\"\" src=\"https:\/\/beowulf-schleswig.de\/wp-content\/uploads\/2016\/10\/IMG_2550_bearb..jpg\" alt=\"In einem unserer Schaufenster h\u00e4ngt \u00fcber einer Warenpr\u00e4sentation von Trinkh\u00f6rnern und Met ein Bild von Anne Paysen-Petersen, das gemalt ein wildes Rudel W\u00f6lfe zeigt.\"><\/a><figcaption id=\"caption-attachment-2194\" class=\"wp-caption-text\">&#8222;Wolfszeit&#8220;<\/figcaption><\/figure><br><br><\/p>\n\n\n\n<h2 class=\"wp-block-heading\">Anne und ihr Wirken in Schleswig<\/h2>\n\n\n\n<p>Als K\u00fcnstlerin war sie lange aktiv im Kunstverein Schleswig t\u00e4tig und lud in Zusammenarbeit mit diesem noch im hohen Alter zu Ihrer eigenen Vernissage mit dem Titel &#8222;Dunkle M\u00e4chte&#8220; ein. Hier wurden ausschlie\u00dflich Bilder von Ihr gezeigt, sie beteiligte sich aber gerne auch mehrfach an Gemeinschaftsausstellungen. Anne hatte dabei jedoch manchmal einen eigenen und auf ihr mythologisches Interesse ausgerichteten Ansatz, wie z. B. 2016 an ihrer Interpretation des oben gezeigten Bildes zum Thema &#8222;Familie&#8220; deutlich wird. <br><br>Ebenfalls 2016 war Anne als Dozentin f\u00fcr die Volkshochschule Schleswig t\u00e4tig. An vier Abenden erz\u00e4hlte sie dort vergleichend \u00fcber die &#8222;G\u00f6tter und Heroen der Griechen und Germanen&#8220;, also \u00fcber &#8222;Siegfried und Achilles&#8220;, &#8222;Wieland und Hephaistos&#8220;, &#8222;Loki und Prometheus&#8220;, sowie \u00fcber &#8222;Gudrun und Medea&#8220; &#8211; immer nahezu komplett auswendig!<br><br>In Annes Traueranzeige stand zu lesen: &#8222;Niemand sieht den Abend, wenn die Norne sprach&#8220;. Mit Ihren \u00fcber 80 Jahren erw\u00e4hnte sie wiederholt, dass sie ihr Ende noch lange nicht erwarten w\u00fcrde. In ihrer letzten, durch die Corona-Isolation gepr\u00e4gten Zeit war es ihr jedoch leider nicht mehr m\u00f6glich, ihr Leben wie gewohnt oder geplant inmitten von Menschen zu f\u00fchren. So, wie wir sie kennen lernen durften, wird sie nun wohl als Skaldin Odins Tafel bereichern.<br><br>Danke, dass wir Dich kennenlernen durften!<\/p>\n\n\n\n<p><\/p>\n","protected":false},"excerpt":{"rendered":"<p>Wollt Ihr wissen, wer &#8222;Meta, die Mythenerz\u00e4hlerin&#8220; war? Sie konnte nicht nur erz\u00e4hlen, sondern auch malen! Von ihr stammt &#8222;Lokis Familienidylle&#8220;.<\/p>\n","protected":false},"author":2,"featured_media":947,"comment_status":"open","ping_status":"open","sticky":false,"template":"","format":"standard","meta":{"footnotes":""},"categories":[1,175],"tags":[164,171,176,174,167,172,177,166,169,168,163,165,170,178,173,18],"class_list":["post-922","post","type-post","status-publish","format-standard","has-post-thumbnail","hentry","category-allgemein","category-mythologie","tag-angrboda","tag-anne-paysen-petersen","tag-familie","tag-familienidylle","tag-fenriswolf","tag-gemaelde","tag-goetterfamilien","tag-hel","tag-interpretation","tag-kunst","tag-loki","tag-mittgardschlange","tag-mythologie","tag-patchworkfamilien","tag-postkarte","tag-schleswig"],"yoast_head":"<!-- This site is optimized with the Yoast SEO plugin v27.1.1 - https:\/\/yoast.com\/product\/yoast-seo-wordpress\/ -->\n<title>Anne und &quot;Lokis Familie&quot; - Beowulf Blog<\/title>\n<meta name=\"robots\" content=\"index, follow, max-snippet:-1, max-image-preview:large, max-video-preview:-1\" \/>\n<link rel=\"canonical\" href=\"https:\/\/beowulf-shop.de\/blog\/2025\/07\/09\/anne-paysen-petersen\/\" \/>\n<meta property=\"og:locale\" content=\"de_DE\" \/>\n<meta property=\"og:type\" content=\"article\" \/>\n<meta property=\"og:title\" content=\"Anne und &quot;Lokis Familie&quot; - Beowulf Blog\" \/>\n<meta property=\"og:description\" content=\"Wollt Ihr wissen, wer &quot;Meta, die Mythenerz\u00e4hlerin&quot; war? Sie konnte nicht nur erz\u00e4hlen, sondern auch malen! Von ihr stammt &quot;Lokis Familienidylle&quot;.\" \/>\n<meta property=\"og:url\" content=\"https:\/\/beowulf-shop.de\/blog\/2025\/07\/09\/anne-paysen-petersen\/\" \/>\n<meta property=\"og:site_name\" content=\"Beowulf Blog\" \/>\n<meta property=\"article:publisher\" content=\"https:\/\/de-de.facebook.com\/BeowulfSchleswig\" \/>\n<meta property=\"article:published_time\" content=\"2025-07-09T13:00:00+00:00\" \/>\n<meta property=\"article:modified_time\" content=\"2026-03-11T11:17:57+00:00\" \/>\n<meta property=\"og:image\" content=\"https:\/\/beowulf-shop.de\/blog\/wp-content\/uploads\/2025\/06\/Blogartikel_Header_Anne.jpg\" \/>\n\t<meta property=\"og:image:width\" content=\"624\" \/>\n\t<meta property=\"og:image:height\" content=\"327\" \/>\n\t<meta property=\"og:image:type\" content=\"image\/jpeg\" \/>\n<meta name=\"author\" content=\"Martje\" \/>\n<meta name=\"twitter:card\" content=\"summary_large_image\" \/>\n<meta name=\"twitter:label1\" content=\"Verfasst von\" \/>\n\t<meta name=\"twitter:data1\" content=\"Martje\" \/>\n\t<meta name=\"twitter:label2\" content=\"Gesch\u00e4tzte Lesezeit\" \/>\n\t<meta name=\"twitter:data2\" content=\"6\u00a0Minuten\" \/>\n<script type=\"application\/ld+json\" class=\"yoast-schema-graph\">{\"@context\":\"https:\/\/schema.org\",\"@graph\":[{\"@type\":\"Article\",\"@id\":\"https:\/\/beowulf-shop.de\/blog\/2025\/07\/09\/anne-paysen-petersen\/#article\",\"isPartOf\":{\"@id\":\"https:\/\/beowulf-shop.de\/blog\/2025\/07\/09\/anne-paysen-petersen\/\"},\"author\":{\"name\":\"Martje\",\"@id\":\"https:\/\/beowulf-shop.de\/blog\/#\/schema\/person\/06d59fc35bd25dbbb0bf44e35a8e0ae1\"},\"headline\":\"Anne und &#8222;Lokis Familie&#8220;\",\"datePublished\":\"2025-07-09T13:00:00+00:00\",\"dateModified\":\"2026-03-11T11:17:57+00:00\",\"mainEntityOfPage\":{\"@id\":\"https:\/\/beowulf-shop.de\/blog\/2025\/07\/09\/anne-paysen-petersen\/\"},\"wordCount\":760,\"commentCount\":4,\"publisher\":{\"@id\":\"https:\/\/beowulf-shop.de\/blog\/#organization\"},\"image\":{\"@id\":\"https:\/\/beowulf-shop.de\/blog\/2025\/07\/09\/anne-paysen-petersen\/#primaryimage\"},\"thumbnailUrl\":\"https:\/\/beowulf-shop.de\/blog\/wp-content\/uploads\/2025\/06\/Blogartikel_Header_Anne.jpg\",\"keywords\":[\"Angrboda\",\"Anne-Paysen Petersen\",\"Familie\",\"Familienidylle\",\"Fenriswolf\",\"Gem\u00e4lde\",\"G\u00f6tterfamilien\",\"Hel\",\"Interpretation\",\"Kunst\",\"Loki\",\"Mittgardschlange\",\"Mythologie\",\"Patchworkfamilien\",\"Postkarte\",\"Schleswig\"],\"articleSection\":{\"1\":\"Mythologie\"},\"inLanguage\":\"de\",\"potentialAction\":[{\"@type\":\"CommentAction\",\"name\":\"Comment\",\"target\":[\"https:\/\/beowulf-shop.de\/blog\/2025\/07\/09\/anne-paysen-petersen\/#respond\"]}]},{\"@type\":\"WebPage\",\"@id\":\"https:\/\/beowulf-shop.de\/blog\/2025\/07\/09\/anne-paysen-petersen\/\",\"url\":\"https:\/\/beowulf-shop.de\/blog\/2025\/07\/09\/anne-paysen-petersen\/\",\"name\":\"Anne und \\\"Lokis Familie\\\" - Beowulf Blog\",\"isPartOf\":{\"@id\":\"https:\/\/beowulf-shop.de\/blog\/#website\"},\"primaryImageOfPage\":{\"@id\":\"https:\/\/beowulf-shop.de\/blog\/2025\/07\/09\/anne-paysen-petersen\/#primaryimage\"},\"image\":{\"@id\":\"https:\/\/beowulf-shop.de\/blog\/2025\/07\/09\/anne-paysen-petersen\/#primaryimage\"},\"thumbnailUrl\":\"https:\/\/beowulf-shop.de\/blog\/wp-content\/uploads\/2025\/06\/Blogartikel_Header_Anne.jpg\",\"datePublished\":\"2025-07-09T13:00:00+00:00\",\"dateModified\":\"2026-03-11T11:17:57+00:00\",\"breadcrumb\":{\"@id\":\"https:\/\/beowulf-shop.de\/blog\/2025\/07\/09\/anne-paysen-petersen\/#breadcrumb\"},\"inLanguage\":\"de\",\"potentialAction\":[{\"@type\":\"ReadAction\",\"target\":[\"https:\/\/beowulf-shop.de\/blog\/2025\/07\/09\/anne-paysen-petersen\/\"]}]},{\"@type\":\"ImageObject\",\"inLanguage\":\"de\",\"@id\":\"https:\/\/beowulf-shop.de\/blog\/2025\/07\/09\/anne-paysen-petersen\/#primaryimage\",\"url\":\"https:\/\/beowulf-shop.de\/blog\/wp-content\/uploads\/2025\/06\/Blogartikel_Header_Anne.jpg\",\"contentUrl\":\"https:\/\/beowulf-shop.de\/blog\/wp-content\/uploads\/2025\/06\/Blogartikel_Header_Anne.jpg\",\"width\":624,\"height\":327,\"caption\":\"Der Text \\\"Anne und Lokis Familie \u00fcber einem Ausschnitt des im Artikel erw\u00e4hnten Bildes\"},{\"@type\":\"BreadcrumbList\",\"@id\":\"https:\/\/beowulf-shop.de\/blog\/2025\/07\/09\/anne-paysen-petersen\/#breadcrumb\",\"itemListElement\":[{\"@type\":\"ListItem\",\"position\":1,\"name\":\"Startseite\",\"item\":\"https:\/\/beowulf-shop.de\/blog\/\"},{\"@type\":\"ListItem\",\"position\":2,\"name\":\"Anne und &#8222;Lokis Familie&#8220;\"}]},{\"@type\":\"WebSite\",\"@id\":\"https:\/\/beowulf-shop.de\/blog\/#website\",\"url\":\"https:\/\/beowulf-shop.de\/blog\/\",\"name\":\"Beowulf Blog, das Blog vom Beowulf-Shop\",\"description\":\"Das Blog vom Beowulf-Shop\",\"publisher\":{\"@id\":\"https:\/\/beowulf-shop.de\/blog\/#organization\"},\"potentialAction\":[{\"@type\":\"SearchAction\",\"target\":{\"@type\":\"EntryPoint\",\"urlTemplate\":\"https:\/\/beowulf-shop.de\/blog\/?s={search_term_string}\"},\"query-input\":{\"@type\":\"PropertyValueSpecification\",\"valueRequired\":true,\"valueName\":\"search_term_string\"}}],\"inLanguage\":\"de\"},{\"@type\":\"Organization\",\"@id\":\"https:\/\/beowulf-shop.de\/blog\/#organization\",\"name\":\"Beowulf Schleswig\",\"url\":\"https:\/\/beowulf-shop.de\/blog\/\",\"logo\":{\"@type\":\"ImageObject\",\"inLanguage\":\"de\",\"@id\":\"https:\/\/beowulf-shop.de\/blog\/#\/schema\/logo\/image\/\",\"url\":\"https:\/\/beowulf-shop.de\/blog\/wp-content\/uploads\/2023\/01\/Boot-Gruenrunen-trans.png\",\"contentUrl\":\"https:\/\/beowulf-shop.de\/blog\/wp-content\/uploads\/2023\/01\/Boot-Gruenrunen-trans.png\",\"width\":2762,\"height\":1429,\"caption\":\"Beowulf Schleswig\"},\"image\":{\"@id\":\"https:\/\/beowulf-shop.de\/blog\/#\/schema\/logo\/image\/\"},\"sameAs\":[\"https:\/\/de-de.facebook.com\/BeowulfSchleswig\",\"https:\/\/www.youtube.com\/channel\/UCQILicznNdKo_qn4MUE09rg\",\"https:\/\/www.instagram.com\/beowulf_schleswig\/\"]},{\"@type\":\"Person\",\"@id\":\"https:\/\/beowulf-shop.de\/blog\/#\/schema\/person\/06d59fc35bd25dbbb0bf44e35a8e0ae1\",\"name\":\"Martje\",\"image\":{\"@type\":\"ImageObject\",\"inLanguage\":\"de\",\"@id\":\"https:\/\/beowulf-shop.de\/blog\/#\/schema\/person\/image\/\",\"url\":\"https:\/\/secure.gravatar.com\/avatar\/d5cf930e329e755c2f180eff6b340cd5fd327e7b43897f6dff0ffadb08d8d6bd?s=96&d=mm&r=g\",\"contentUrl\":\"https:\/\/secure.gravatar.com\/avatar\/d5cf930e329e755c2f180eff6b340cd5fd327e7b43897f6dff0ffadb08d8d6bd?s=96&d=mm&r=g\",\"caption\":\"Martje\"},\"url\":\"https:\/\/beowulf-shop.de\/blog\/author\/martje\/\"}]}<\/script>\n<!-- \/ Yoast SEO plugin. -->","yoast_head_json":{"title":"Anne und \"Lokis Familie\" - Beowulf Blog","robots":{"index":"index","follow":"follow","max-snippet":"max-snippet:-1","max-image-preview":"max-image-preview:large","max-video-preview":"max-video-preview:-1"},"canonical":"https:\/\/beowulf-shop.de\/blog\/2025\/07\/09\/anne-paysen-petersen\/","og_locale":"de_DE","og_type":"article","og_title":"Anne und \"Lokis Familie\" - Beowulf Blog","og_description":"Wollt Ihr wissen, wer \"Meta, die Mythenerz\u00e4hlerin\" war? Sie konnte nicht nur erz\u00e4hlen, sondern auch malen! Von ihr stammt \"Lokis Familienidylle\".","og_url":"https:\/\/beowulf-shop.de\/blog\/2025\/07\/09\/anne-paysen-petersen\/","og_site_name":"Beowulf Blog","article_publisher":"https:\/\/de-de.facebook.com\/BeowulfSchleswig","article_published_time":"2025-07-09T13:00:00+00:00","article_modified_time":"2026-03-11T11:17:57+00:00","og_image":[{"width":624,"height":327,"url":"https:\/\/beowulf-shop.de\/blog\/wp-content\/uploads\/2025\/06\/Blogartikel_Header_Anne.jpg","type":"image\/jpeg"}],"author":"Martje","twitter_card":"summary_large_image","twitter_misc":{"Verfasst von":"Martje","Gesch\u00e4tzte Lesezeit":"6\u00a0Minuten"},"schema":{"@context":"https:\/\/schema.org","@graph":[{"@type":"Article","@id":"https:\/\/beowulf-shop.de\/blog\/2025\/07\/09\/anne-paysen-petersen\/#article","isPartOf":{"@id":"https:\/\/beowulf-shop.de\/blog\/2025\/07\/09\/anne-paysen-petersen\/"},"author":{"name":"Martje","@id":"https:\/\/beowulf-shop.de\/blog\/#\/schema\/person\/06d59fc35bd25dbbb0bf44e35a8e0ae1"},"headline":"Anne und &#8222;Lokis Familie&#8220;","datePublished":"2025-07-09T13:00:00+00:00","dateModified":"2026-03-11T11:17:57+00:00","mainEntityOfPage":{"@id":"https:\/\/beowulf-shop.de\/blog\/2025\/07\/09\/anne-paysen-petersen\/"},"wordCount":760,"commentCount":4,"publisher":{"@id":"https:\/\/beowulf-shop.de\/blog\/#organization"},"image":{"@id":"https:\/\/beowulf-shop.de\/blog\/2025\/07\/09\/anne-paysen-petersen\/#primaryimage"},"thumbnailUrl":"https:\/\/beowulf-shop.de\/blog\/wp-content\/uploads\/2025\/06\/Blogartikel_Header_Anne.jpg","keywords":["Angrboda","Anne-Paysen Petersen","Familie","Familienidylle","Fenriswolf","Gem\u00e4lde","G\u00f6tterfamilien","Hel","Interpretation","Kunst","Loki","Mittgardschlange","Mythologie","Patchworkfamilien","Postkarte","Schleswig"],"articleSection":{"1":"Mythologie"},"inLanguage":"de","potentialAction":[{"@type":"CommentAction","name":"Comment","target":["https:\/\/beowulf-shop.de\/blog\/2025\/07\/09\/anne-paysen-petersen\/#respond"]}]},{"@type":"WebPage","@id":"https:\/\/beowulf-shop.de\/blog\/2025\/07\/09\/anne-paysen-petersen\/","url":"https:\/\/beowulf-shop.de\/blog\/2025\/07\/09\/anne-paysen-petersen\/","name":"Anne und \"Lokis Familie\" - Beowulf Blog","isPartOf":{"@id":"https:\/\/beowulf-shop.de\/blog\/#website"},"primaryImageOfPage":{"@id":"https:\/\/beowulf-shop.de\/blog\/2025\/07\/09\/anne-paysen-petersen\/#primaryimage"},"image":{"@id":"https:\/\/beowulf-shop.de\/blog\/2025\/07\/09\/anne-paysen-petersen\/#primaryimage"},"thumbnailUrl":"https:\/\/beowulf-shop.de\/blog\/wp-content\/uploads\/2025\/06\/Blogartikel_Header_Anne.jpg","datePublished":"2025-07-09T13:00:00+00:00","dateModified":"2026-03-11T11:17:57+00:00","breadcrumb":{"@id":"https:\/\/beowulf-shop.de\/blog\/2025\/07\/09\/anne-paysen-petersen\/#breadcrumb"},"inLanguage":"de","potentialAction":[{"@type":"ReadAction","target":["https:\/\/beowulf-shop.de\/blog\/2025\/07\/09\/anne-paysen-petersen\/"]}]},{"@type":"ImageObject","inLanguage":"de","@id":"https:\/\/beowulf-shop.de\/blog\/2025\/07\/09\/anne-paysen-petersen\/#primaryimage","url":"https:\/\/beowulf-shop.de\/blog\/wp-content\/uploads\/2025\/06\/Blogartikel_Header_Anne.jpg","contentUrl":"https:\/\/beowulf-shop.de\/blog\/wp-content\/uploads\/2025\/06\/Blogartikel_Header_Anne.jpg","width":624,"height":327,"caption":"Der Text \"Anne und Lokis Familie \u00fcber einem Ausschnitt des im Artikel erw\u00e4hnten Bildes"},{"@type":"BreadcrumbList","@id":"https:\/\/beowulf-shop.de\/blog\/2025\/07\/09\/anne-paysen-petersen\/#breadcrumb","itemListElement":[{"@type":"ListItem","position":1,"name":"Startseite","item":"https:\/\/beowulf-shop.de\/blog\/"},{"@type":"ListItem","position":2,"name":"Anne und &#8222;Lokis Familie&#8220;"}]},{"@type":"WebSite","@id":"https:\/\/beowulf-shop.de\/blog\/#website","url":"https:\/\/beowulf-shop.de\/blog\/","name":"Beowulf Blog, das Blog vom Beowulf-Shop","description":"Das Blog vom Beowulf-Shop","publisher":{"@id":"https:\/\/beowulf-shop.de\/blog\/#organization"},"potentialAction":[{"@type":"SearchAction","target":{"@type":"EntryPoint","urlTemplate":"https:\/\/beowulf-shop.de\/blog\/?s={search_term_string}"},"query-input":{"@type":"PropertyValueSpecification","valueRequired":true,"valueName":"search_term_string"}}],"inLanguage":"de"},{"@type":"Organization","@id":"https:\/\/beowulf-shop.de\/blog\/#organization","name":"Beowulf Schleswig","url":"https:\/\/beowulf-shop.de\/blog\/","logo":{"@type":"ImageObject","inLanguage":"de","@id":"https:\/\/beowulf-shop.de\/blog\/#\/schema\/logo\/image\/","url":"https:\/\/beowulf-shop.de\/blog\/wp-content\/uploads\/2023\/01\/Boot-Gruenrunen-trans.png","contentUrl":"https:\/\/beowulf-shop.de\/blog\/wp-content\/uploads\/2023\/01\/Boot-Gruenrunen-trans.png","width":2762,"height":1429,"caption":"Beowulf Schleswig"},"image":{"@id":"https:\/\/beowulf-shop.de\/blog\/#\/schema\/logo\/image\/"},"sameAs":["https:\/\/de-de.facebook.com\/BeowulfSchleswig","https:\/\/www.youtube.com\/channel\/UCQILicznNdKo_qn4MUE09rg","https:\/\/www.instagram.com\/beowulf_schleswig\/"]},{"@type":"Person","@id":"https:\/\/beowulf-shop.de\/blog\/#\/schema\/person\/06d59fc35bd25dbbb0bf44e35a8e0ae1","name":"Martje","image":{"@type":"ImageObject","inLanguage":"de","@id":"https:\/\/beowulf-shop.de\/blog\/#\/schema\/person\/image\/","url":"https:\/\/secure.gravatar.com\/avatar\/d5cf930e329e755c2f180eff6b340cd5fd327e7b43897f6dff0ffadb08d8d6bd?s=96&d=mm&r=g","contentUrl":"https:\/\/secure.gravatar.com\/avatar\/d5cf930e329e755c2f180eff6b340cd5fd327e7b43897f6dff0ffadb08d8d6bd?s=96&d=mm&r=g","caption":"Martje"},"url":"https:\/\/beowulf-shop.de\/blog\/author\/martje\/"}]}},"_links":{"self":[{"href":"https:\/\/beowulf-shop.de\/blog\/wp-json\/wp\/v2\/posts\/922","targetHints":{"allow":["GET"]}}],"collection":[{"href":"https:\/\/beowulf-shop.de\/blog\/wp-json\/wp\/v2\/posts"}],"about":[{"href":"https:\/\/beowulf-shop.de\/blog\/wp-json\/wp\/v2\/types\/post"}],"author":[{"embeddable":true,"href":"https:\/\/beowulf-shop.de\/blog\/wp-json\/wp\/v2\/users\/2"}],"replies":[{"embeddable":true,"href":"https:\/\/beowulf-shop.de\/blog\/wp-json\/wp\/v2\/comments?post=922"}],"version-history":[{"count":25,"href":"https:\/\/beowulf-shop.de\/blog\/wp-json\/wp\/v2\/posts\/922\/revisions"}],"predecessor-version":[{"id":1064,"href":"https:\/\/beowulf-shop.de\/blog\/wp-json\/wp\/v2\/posts\/922\/revisions\/1064"}],"wp:featuredmedia":[{"embeddable":true,"href":"https:\/\/beowulf-shop.de\/blog\/wp-json\/wp\/v2\/media\/947"}],"wp:attachment":[{"href":"https:\/\/beowulf-shop.de\/blog\/wp-json\/wp\/v2\/media?parent=922"}],"wp:term":[{"taxonomy":"category","embeddable":true,"href":"https:\/\/beowulf-shop.de\/blog\/wp-json\/wp\/v2\/categories?post=922"},{"taxonomy":"post_tag","embeddable":true,"href":"https:\/\/beowulf-shop.de\/blog\/wp-json\/wp\/v2\/tags?post=922"}],"curies":[{"name":"wp","href":"https:\/\/api.w.org\/{rel}","templated":true}]}}